{"id":543,"date":"2021-12-26T23:40:36","date_gmt":"2021-12-26T23:40:36","guid":{"rendered":"https:\/\/aerospacetoday.net\/?p=543"},"modified":"2022-07-11T13:48:34","modified_gmt":"2022-07-11T13:48:34","slug":"essa-semana-em-ar-e-espaco-lancado-o-jwst","status":"publish","type":"post","link":"https:\/\/aerospacetoday.net\/pt-br\/essa-semana-em-ar-e-espaco-lancado-o-jwst\/","title":{"rendered":"Essa semana em ar e espa\u00e7o: lan\u00e7ado o JWST!"},"content":{"rendered":"\n<figure class=\"wp-block-image size-large\"><img decoding=\"async\" src=\"https:\/\/upload.wikimedia.org\/wikipedia\/commons\/4\/4b\/James_Webb_Space_Telescope_Launch.jpg\" alt=\"\"\/><figcaption>Lan\u00e7amento do JWST, a bordo de um foguete Ariane 5, do Centro Espacial Guiana. Cr\u00e9ditos: NASA<\/figcaption><\/figure>\n\n\n\n<p>Ap\u00f3s 25 anos de trabalho para desenhar, construir e testar toda a tecnologia necess\u00e1ria, finalmente foi lan\u00e7ado o telesc\u00f3pio espacial JWST da NASA, em parceria com a Ag\u00eancia Espacial Europ\u00e9ia (ESA) e a Ag\u00eancia Espacial Canadense (CSA). Ele foi lan\u00e7ado na manh\u00e3 do dia 25 de dezembro de 2021, a bordo de um foguete Ariane 5, da empresa Arianespace, a partir do Centro Espacial Guiana, em Kourou, Guiana Francesa. O lan\u00e7amento ocorreu na primeira tentativa e foi completamente bem sucedido.<\/p>\n\n\n\n<p>O JWST foi a maior carga j\u00e1 carregada por um Ariane 5 e exigiu modifica\u00e7\u00f5es no sistema de abertura de sua coifa (fairing) para garantir a seguran\u00e7a do telesc\u00f3pio, pois havia apenas 10 cm de espa\u00e7o entre o telesc\u00f3pio e o interior da coifa. Ap\u00f3s o fim da propuls\u00e3o do foguete e a separa\u00e7\u00e3o do telesc\u00f3pio, o v\u00eddeo feito pela c\u00e2mera no segundo est\u00e1gio do foguete Ariane 5 conseguiu capturar o JWST se afastando e o momento mais cr\u00edtico ap\u00f3s o lan\u00e7amento, a abertura de seus pain\u00e9is solares &#8211; at\u00e9 este momento, ele estava operando apenas com baterias:<\/p>\n\n\n\n<blockquote class=\"twitter-tweet\"><p lang=\"en\" dir=\"ltr\"><a href=\"https:\/\/twitter.com\/hashtag\/NASAWebb?src=hash&amp;ref_src=twsrc%5Etfw\">#NASAWebb<\/a> is safely in space with its solar array drawing power from the Sun! Its reaction wheels will keep the spacecraft pointed in the right direction so that its sunshield can protect the telescope from radiation and heat: <a href=\"https:\/\/t.co\/NZJ7sSJ8fX\">https:\/\/t.co\/NZJ7sSJ8fX<\/a><a href=\"https:\/\/twitter.com\/hashtag\/UnfoldTheUniverse?src=hash&amp;ref_src=twsrc%5Etfw\">#UnfoldTheUniverse<\/a> <a href=\"https:\/\/t.co\/s4nfqvKJZD\">pic.twitter.com\/s4nfqvKJZD<\/a><\/p>\u2014 NASA Webb Telescope (@NASAWebb) <a href=\"https:\/\/twitter.com\/NASAWebb\/status\/1474730704940548096?ref_src=twsrc%5Etfw\">December 25, 2021<\/a><\/blockquote> <script async=\"\" src=\"https:\/\/platform.twitter.com\/widgets.js\" charset=\"utf-8\"><\/script>\n\n\n\n<p>Veja mais sobre a hist\u00f3ria do JWST em nosso artigo sobre o observat\u00f3rio:<\/p>\n\n\n\n<figure class=\"wp-block-embed is-type-wp-embed is-provider-aerospace-today wp-block-embed-aerospace-today\"><div class=\"wp-block-embed__wrapper\">\n<blockquote class=\"wp-embedded-content\" data-secret=\"ACDVnyFcj3\"><a href=\"https:\/\/aerospacetoday.net\/futuro-proximo-jwst\/\">Futuro Pr\u00f3ximo: JWST<\/a><\/blockquote><iframe class=\"wp-embedded-content\" sandbox=\"allow-scripts\" security=\"restricted\" style=\"position: absolute; clip: rect(1px, 1px, 1px, 1px);\" title=\"&#8220;Futuro Pr\u00f3ximo: JWST&#8221; &#8212; Aerospace Today\" src=\"https:\/\/aerospacetoday.net\/futuro-proximo-jwst\/embed\/#?secret=ACDVnyFcj3\" data-secret=\"ACDVnyFcj3\" width=\"600\" height=\"338\" frameborder=\"0\" marginwidth=\"0\" marginheight=\"0\" scrolling=\"no\"><\/iframe>\n<\/div><\/figure>\n\n\n\n<p>Atualiza\u00e7\u00e3o: Veja como foi o processo de alinhamento dos segmentos do espelho em<\/p>\n\n\n\n<figure class=\"wp-block-embed is-type-wp-embed is-provider-aerospace-today wp-block-embed-aerospace-today\"><div class=\"wp-block-embed__wrapper\">\n<blockquote class=\"wp-embedded-content\" data-secret=\"IoeEP9qOEH\"><a href=\"https:\/\/aerospacetoday.net\/noticias-de-ar-e-espaco-jwst-pion-br1-14-x-angara-e-simorgh\/\">Not\u00edcias de ar e espa\u00e7o: JWST, PION-BR1, 14-X, Angara e Simorgh<\/a><\/blockquote><iframe class=\"wp-embedded-content\" sandbox=\"allow-scripts\" security=\"restricted\" style=\"position: absolute; clip: rect(1px, 1px, 1px, 1px);\" title=\"&#8220;Not\u00edcias de ar e espa\u00e7o: JWST, PION-BR1, 14-X, Angara e Simorgh&#8221; &#8212; Aerospace Today\" src=\"https:\/\/aerospacetoday.net\/noticias-de-ar-e-espaco-jwst-pion-br1-14-x-angara-e-simorgh\/embed\/#?secret=IoeEP9qOEH\" data-secret=\"IoeEP9qOEH\" width=\"600\" height=\"338\" frameborder=\"0\" marginwidth=\"0\" marginheight=\"0\" scrolling=\"no\"><\/iframe>\n<\/div><\/figure>\n\n\n\n<p>Em sua trajet\u00f3ria, o JWST foi fotografado pelo observat\u00f3rio astron\u00f4mico ROCG, em Campos dos Goytacazes (RJ), um telesc\u00f3pio usado para detec\u00e7\u00e3o de aster\u00f3ides, de forma automatizada:<\/p>\n\n\n\n<figure class=\"wp-block-image size-large\"><img decoding=\"async\" loading=\"lazy\" width=\"498\" height=\"763\" src=\"http:\/\/aerospacetoday.net\/wp-content\/uploads\/2021\/12\/jwst_rocg.png\" alt=\"\" class=\"wp-image-558\" srcset=\"https:\/\/aerospacetoday.net\/wp-content\/uploads\/2021\/12\/jwst_rocg.png 498w, https:\/\/aerospacetoday.net\/wp-content\/uploads\/2021\/12\/jwst_rocg-196x300.png 196w\" sizes=\"(max-width: 498px) 100vw, 498px\" \/><figcaption>JWST capturado pelo observat\u00f3rio remoto ROCG em Campos dos Goytacazes (RJ). Cr\u00e9ditos: Marcelo de Cicco \/ ROCG<\/figcaption><\/figure>\n\n\n\n<h2 class=\"wp-block-heading\">Quais ser\u00e3o os pr\u00f3ximos passos? Quando o JWST vai come\u00e7ar a fazer observa\u00e7\u00f5es?<\/h2>\n\n\n\n<p>No momento em que escrevemos (26 de dezembro), o telesc\u00f3pio est\u00e1 no come\u00e7o de sua longa viagem at\u00e9 seu destino, uma \u00f3rbita em torno do ponto Lagrangeano L2 do sistema Sol-Terra &#8211; um ponto a 1.5 milh\u00e3o de km da Terra, na dire\u00e7\u00e3o oposta \u00e0 do Sol, onde o telesc\u00f3pio pode ficar em uma \u00f3rbita est\u00e1vel que mant\u00e9m o Sol, a Terra e a Lua sempre do mesmo lado do c\u00e9u. Al\u00e9m da longa viagem de um m\u00eas, o JWST tem que passar por uma complexa seq\u00fc\u00eancia de desdobramento para atingir sua configura\u00e7\u00e3o final. Ap\u00f3s a abertura dos pain\u00e9is solares, ele realizou a primeira manobra de corre\u00e7\u00e3o de trajet\u00f3ria. Essas manobras j\u00e1 eram planejadas, n\u00e3o s\u00e3o corre\u00e7\u00e3o de problemas. Esse lan\u00e7amento foi planejado com o foguete propositalmente dando uma velocidade um pouco menor que a necess\u00e1ria ao telesc\u00f3pio, deixando para ele completar o que falta usando seus motores, que s\u00e3o muito mais fracos e portanto mais precisos, que os do foguete. O motivo \u00e9 que o JWST tem que manter sempre o mesmo lado virado para a dire\u00e7\u00e3o do Sol (o lado do escudo t\u00e9rmico) e por isso, ao contr\u00e1rio da maior parte das sondas, ele n\u00e3o pode se virar para apontar os motores em qualquer dire\u00e7\u00e3o. Ent\u00e3o, se o foguete tivesse dado a ele uma velocidade ligeiramente maior que a certa, ele n\u00e3o teria como se virar para desacelerar.<\/p>\n\n\n\n<p>Esta anima\u00e7\u00e3o mostra toda a complexa seq\u00fc\u00eancia de a\u00e7\u00f5es que precisam ocorrer para o telesc\u00f3pio atingir sua configura\u00e7\u00e3o de opera\u00e7\u00e3o:<br><\/p>\n\n\n\n<iframe loading=\"lazy\" width=\"560\" height=\"315\" src=\"https:\/\/www.youtube.com\/embed\/v6ihVeEoUdo\" title=\"YouTube video player\" frameborder=\"0\" allow=\"accelerometer; autoplay; clipboard-write; encrypted-media; gyroscope; picture-in-picture\" allowfullscreen=\"\"><\/iframe>\n\n\n\n<p>Voc\u00ea pode acompanhar seu caminho e os passos de sua prepara\u00e7\u00e3o em um site que mostra a situa\u00e7\u00e3o atual do telesc\u00f3pio:<\/p>\n\n\n\n<p><a href=\"https:\/\/www.jwst.nasa.gov\/content\/webbLaunch\/whereIsWebb.html\">https:\/\/www.jwst.nasa.gov\/content\/webbLaunch\/whereIsWebb.html<\/a><\/p>\n\n\n\n<p>Ap\u00f3s chegar \u00e0 sua \u00f3rbita final e estar completamente aberto, o que deve levar cerca de um m\u00eas, o pr\u00f3ximo passo cr\u00edtico ser\u00e1 lentamente resfriar o telesc\u00f3pio at\u00e9 sua temperatura de opera\u00e7\u00e3o. Al\u00e9m dos instrumentos, que s\u00e3o os componentes mais frios, toda a \u00f3ptica (os espelhos, principalmente) tem que esfriar. O espelho e 3 dos 4 instrumentos esfriam passivamente (pela sombra do escudo t\u00e9rmico e radiadores), at\u00e9 37 K (-236 \u00b0C), enquanto o outro, que opera no infravermelho mais distante, usa resfriamento ativo, para chegar a 7 K (-266 \u00b0C). O resfriamento ativo \u00e9 feito com um criorefrigerador extremamente avan\u00e7ado, para ser capaz de alcan\u00e7ar temperaturas t\u00e3o baixas, operar no espa\u00e7o sem manuten\u00e7\u00e3o e ter vibra\u00e7\u00e3o extremamente baixa, para n\u00e3o afetar as observa\u00e7\u00f5es.<\/p>\n\n\n\n<p>Depois vem o processo de verifica\u00e7\u00e3o de todos os sistemas, incluindo a \u00f3ptica e os instrumentos, seu alinhamento e calibra\u00e7\u00e3o, o que deve levar cerca de seis meses. Portanto, \u00e9 esperado que o telesc\u00f3pio comece a operar na segunda metade de 2022.<\/p>\n\n\n\n<h2 class=\"wp-block-heading\">Saiba mais em<\/h2>\n\n\n\n<p>V\u00eddeo completo do lan\u00e7amento<br><\/p>\n\n\n\n<iframe loading=\"lazy\" width=\"560\" height=\"315\" src=\"https:\/\/www.youtube.com\/embed\/7nT7JGZMbtM\" title=\"YouTube video player\" frameborder=\"0\" allow=\"accelerometer; autoplay; clipboard-write; encrypted-media; gyroscope; picture-in-picture\" allowfullscreen=\"\"><\/iframe>\n\n\n\n<p>Breve hist\u00f3rico da miss\u00e3o<br><\/p>\n\n\n\n<iframe loading=\"lazy\" width=\"560\" height=\"315\" src=\"https:\/\/www.youtube.com\/embed\/cp_7AJseYYc\" title=\"YouTube video player\" frameborder=\"0\" allow=\"accelerometer; autoplay; clipboard-write; encrypted-media; gyroscope; picture-in-picture\" allowfullscreen=\"\"><\/iframe>\n\n\n\n<p><\/p>\n","protected":false},"excerpt":{"rendered":"<p>Ap\u00f3s 25 anos de trabalho para desenhar, construir e testar toda a tecnologia necess\u00e1ria, finalmente foi lan\u00e7ado o telesc\u00f3pio espacial JWST da NASA, em parceria com a Ag\u00eancia Espacial Europ\u00e9ia (ESA) e a Ag\u00eancia Espacial Canadense (CSA). Ele foi lan\u00e7ado na manh\u00e3 do dia 25 de dezembro de 2021, a <a href=\"https:\/\/aerospacetoday.net\/pt-br\/essa-semana-em-ar-e-espaco-lancado-o-jwst\/\" class=\"btn btn-link continue-link\">Continue Reading<\/a><\/p>\n","protected":false},"author":3,"featured_media":545,"comment_status":"open","ping_status":"open","sticky":false,"template":"","format":"standard","meta":{"_monsterinsights_skip_tracking":false,"_monsterinsights_sitenote_active":false,"_monsterinsights_sitenote_note":"","_monsterinsights_sitenote_category":0,"spay_email":""},"categories":[21,189,1],"tags":[9,135,141,163,94,30,6,33,17],"yoast_head":"<!-- This site is optimized with the Yoast SEO plugin v20.7 - https:\/\/yoast.com\/wordpress\/plugins\/seo\/ -->\n<title>Essa semana em ar e espa\u00e7o: lan\u00e7ado o JWST! - Aerospace Today<\/title>\n<meta name=\"robots\" content=\"index, follow, max-snippet:-1, max-image-preview:large, max-video-preview:-1\" \/>\n<link rel=\"canonical\" href=\"https:\/\/aerospacetoday.net\/pt-br\/essa-semana-em-ar-e-espaco-lancado-o-jwst\/\" \/>\n<meta property=\"og:locale\" content=\"pt_BR\" \/>\n<meta property=\"og:type\" content=\"article\" \/>\n<meta property=\"og:title\" content=\"Essa semana em ar e espa\u00e7o: lan\u00e7ado o JWST! - Aerospace Today\" \/>\n<meta property=\"og:description\" content=\"Ap\u00f3s 25 anos de trabalho para desenhar, construir e testar toda a tecnologia necess\u00e1ria, finalmente foi lan\u00e7ado o telesc\u00f3pio espacial JWST da NASA, em parceria com a Ag\u00eancia Espacial Europ\u00e9ia (ESA) e a Ag\u00eancia Espacial Canadense (CSA). Ele foi lan\u00e7ado na manh\u00e3 do dia 25 de dezembro de 2021, a Continue Reading\" \/>\n<meta property=\"og:url\" content=\"https:\/\/aerospacetoday.net\/pt-br\/essa-semana-em-ar-e-espaco-lancado-o-jwst\/\" \/>\n<meta property=\"og:site_name\" content=\"Aerospace Today\" \/>\n<meta property=\"article:published_time\" content=\"2021-12-26T23:40:36+00:00\" \/>\n<meta property=\"article:modified_time\" content=\"2022-07-11T13:48:34+00:00\" \/>\n<meta property=\"og:image\" content=\"https:\/\/aerospacetoday.net\/wp-content\/uploads\/2021\/12\/webb_spacecraft_sep_12.25.png\" \/>\n\t<meta property=\"og:image:width\" content=\"1920\" \/>\n\t<meta property=\"og:image:height\" content=\"1080\" \/>\n\t<meta property=\"og:image:type\" content=\"image\/png\" \/>\n<meta name=\"author\" content=\"Team Aerospace Today\" \/>\n<meta name=\"twitter:card\" content=\"summary_large_image\" \/>\n<meta name=\"twitter:label1\" content=\"Escrito por\" \/>\n\t<meta name=\"twitter:data1\" content=\"Team Aerospace Today\" \/>\n\t<meta name=\"twitter:label2\" content=\"Est. tempo de leitura\" \/>\n\t<meta name=\"twitter:data2\" content=\"4 minutos\" \/>\n<script type=\"application\/ld+json\" class=\"yoast-schema-graph\">{\"@context\":\"https:\/\/schema.org\",\"@graph\":[{\"@type\":\"WebPage\",\"@id\":\"https:\/\/aerospacetoday.net\/pt-br\/essa-semana-em-ar-e-espaco-lancado-o-jwst\/\",\"url\":\"https:\/\/aerospacetoday.net\/pt-br\/essa-semana-em-ar-e-espaco-lancado-o-jwst\/\",\"name\":\"Essa semana em ar e espa\u00e7o: lan\u00e7ado o JWST! - Aerospace Today\",\"isPartOf\":{\"@id\":\"https:\/\/aerospacetoday.net\/pt-br\/#website\"},\"datePublished\":\"2021-12-26T23:40:36+00:00\",\"dateModified\":\"2022-07-11T13:48:34+00:00\",\"author\":{\"@id\":\"https:\/\/aerospacetoday.net\/pt-br\/#\/schema\/person\/128807a2969161370422eebdd2487578\"},\"breadcrumb\":{\"@id\":\"https:\/\/aerospacetoday.net\/pt-br\/essa-semana-em-ar-e-espaco-lancado-o-jwst\/#breadcrumb\"},\"inLanguage\":\"pt-BR\",\"potentialAction\":[{\"@type\":\"ReadAction\",\"target\":[\"https:\/\/aerospacetoday.net\/pt-br\/essa-semana-em-ar-e-espaco-lancado-o-jwst\/\"]}]},{\"@type\":\"BreadcrumbList\",\"@id\":\"https:\/\/aerospacetoday.net\/pt-br\/essa-semana-em-ar-e-espaco-lancado-o-jwst\/#breadcrumb\",\"itemListElement\":[{\"@type\":\"ListItem\",\"position\":1,\"name\":\"Home\",\"item\":\"https:\/\/aerospacetoday.net\/pt-br\/\"},{\"@type\":\"ListItem\",\"position\":2,\"name\":\"Essa semana em ar e espa\u00e7o: lan\u00e7ado o JWST!\"}]},{\"@type\":\"WebSite\",\"@id\":\"https:\/\/aerospacetoday.net\/pt-br\/#website\",\"url\":\"https:\/\/aerospacetoday.net\/pt-br\/\",\"name\":\"Aerospace Today\",\"description\":\"Novidades da Ind\u00fastria Espacial\",\"potentialAction\":[{\"@type\":\"SearchAction\",\"target\":{\"@type\":\"EntryPoint\",\"urlTemplate\":\"https:\/\/aerospacetoday.net\/pt-br\/?s={search_term_string}\"},\"query-input\":\"required name=search_term_string\"}],\"inLanguage\":\"pt-BR\"},{\"@type\":\"Person\",\"@id\":\"https:\/\/aerospacetoday.net\/pt-br\/#\/schema\/person\/128807a2969161370422eebdd2487578\",\"name\":\"Team Aerospace Today\",\"image\":{\"@type\":\"ImageObject\",\"inLanguage\":\"pt-BR\",\"@id\":\"https:\/\/aerospacetoday.net\/pt-br\/#\/schema\/person\/image\/\",\"url\":\"https:\/\/secure.gravatar.com\/avatar\/04a20b4fd15e2b893d19dcf74d4571c6?s=96&d=mm&r=g\",\"contentUrl\":\"https:\/\/secure.gravatar.com\/avatar\/04a20b4fd15e2b893d19dcf74d4571c6?s=96&d=mm&r=g\",\"caption\":\"Team Aerospace Today\"},\"url\":\"https:\/\/aerospacetoday.net\/pt-br\/author\/teamaerospacetoday\/\"}]}<\/script>\n<!-- \/ Yoast SEO plugin. -->","yoast_head_json":{"title":"Essa semana em ar e espa\u00e7o: lan\u00e7ado o JWST! - Aerospace Today","robots":{"index":"index","follow":"follow","max-snippet":"max-snippet:-1","max-image-preview":"max-image-preview:large","max-video-preview":"max-video-preview:-1"},"canonical":"https:\/\/aerospacetoday.net\/pt-br\/essa-semana-em-ar-e-espaco-lancado-o-jwst\/","og_locale":"pt_BR","og_type":"article","og_title":"Essa semana em ar e espa\u00e7o: lan\u00e7ado o JWST! - Aerospace Today","og_description":"Ap\u00f3s 25 anos de trabalho para desenhar, construir e testar toda a tecnologia necess\u00e1ria, finalmente foi lan\u00e7ado o telesc\u00f3pio espacial JWST da NASA, em parceria com a Ag\u00eancia Espacial Europ\u00e9ia (ESA) e a Ag\u00eancia Espacial Canadense (CSA). Ele foi lan\u00e7ado na manh\u00e3 do dia 25 de dezembro de 2021, a Continue Reading","og_url":"https:\/\/aerospacetoday.net\/pt-br\/essa-semana-em-ar-e-espaco-lancado-o-jwst\/","og_site_name":"Aerospace Today","article_published_time":"2021-12-26T23:40:36+00:00","article_modified_time":"2022-07-11T13:48:34+00:00","og_image":[{"width":1920,"height":1080,"url":"https:\/\/aerospacetoday.net\/wp-content\/uploads\/2021\/12\/webb_spacecraft_sep_12.25.png","type":"image\/png"}],"author":"Team Aerospace Today","twitter_card":"summary_large_image","twitter_misc":{"Escrito por":"Team Aerospace Today","Est. tempo de leitura":"4 minutos"},"schema":{"@context":"https:\/\/schema.org","@graph":[{"@type":"WebPage","@id":"https:\/\/aerospacetoday.net\/pt-br\/essa-semana-em-ar-e-espaco-lancado-o-jwst\/","url":"https:\/\/aerospacetoday.net\/pt-br\/essa-semana-em-ar-e-espaco-lancado-o-jwst\/","name":"Essa semana em ar e espa\u00e7o: lan\u00e7ado o JWST! - Aerospace Today","isPartOf":{"@id":"https:\/\/aerospacetoday.net\/pt-br\/#website"},"datePublished":"2021-12-26T23:40:36+00:00","dateModified":"2022-07-11T13:48:34+00:00","author":{"@id":"https:\/\/aerospacetoday.net\/pt-br\/#\/schema\/person\/128807a2969161370422eebdd2487578"},"breadcrumb":{"@id":"https:\/\/aerospacetoday.net\/pt-br\/essa-semana-em-ar-e-espaco-lancado-o-jwst\/#breadcrumb"},"inLanguage":"pt-BR","potentialAction":[{"@type":"ReadAction","target":["https:\/\/aerospacetoday.net\/pt-br\/essa-semana-em-ar-e-espaco-lancado-o-jwst\/"]}]},{"@type":"BreadcrumbList","@id":"https:\/\/aerospacetoday.net\/pt-br\/essa-semana-em-ar-e-espaco-lancado-o-jwst\/#breadcrumb","itemListElement":[{"@type":"ListItem","position":1,"name":"Home","item":"https:\/\/aerospacetoday.net\/pt-br\/"},{"@type":"ListItem","position":2,"name":"Essa semana em ar e espa\u00e7o: lan\u00e7ado o JWST!"}]},{"@type":"WebSite","@id":"https:\/\/aerospacetoday.net\/pt-br\/#website","url":"https:\/\/aerospacetoday.net\/pt-br\/","name":"Aerospace Today","description":"Novidades da Ind\u00fastria Espacial","potentialAction":[{"@type":"SearchAction","target":{"@type":"EntryPoint","urlTemplate":"https:\/\/aerospacetoday.net\/pt-br\/?s={search_term_string}"},"query-input":"required name=search_term_string"}],"inLanguage":"pt-BR"},{"@type":"Person","@id":"https:\/\/aerospacetoday.net\/pt-br\/#\/schema\/person\/128807a2969161370422eebdd2487578","name":"Team Aerospace Today","image":{"@type":"ImageObject","inLanguage":"pt-BR","@id":"https:\/\/aerospacetoday.net\/pt-br\/#\/schema\/person\/image\/","url":"https:\/\/secure.gravatar.com\/avatar\/04a20b4fd15e2b893d19dcf74d4571c6?s=96&d=mm&r=g","contentUrl":"https:\/\/secure.gravatar.com\/avatar\/04a20b4fd15e2b893d19dcf74d4571c6?s=96&d=mm&r=g","caption":"Team Aerospace Today"},"url":"https:\/\/aerospacetoday.net\/pt-br\/author\/teamaerospacetoday\/"}]}},"jetpack_featured_media_url":"https:\/\/aerospacetoday.net\/wp-content\/uploads\/2021\/12\/webb_spacecraft_sep_12.25.png","jetpack-related-posts":[],"_links":{"self":[{"href":"https:\/\/aerospacetoday.net\/pt-br\/wp-json\/wp\/v2\/posts\/543"}],"collection":[{"href":"https:\/\/aerospacetoday.net\/pt-br\/wp-json\/wp\/v2\/posts"}],"about":[{"href":"https:\/\/aerospacetoday.net\/pt-br\/wp-json\/wp\/v2\/types\/post"}],"author":[{"embeddable":true,"href":"https:\/\/aerospacetoday.net\/pt-br\/wp-json\/wp\/v2\/users\/3"}],"replies":[{"embeddable":true,"href":"https:\/\/aerospacetoday.net\/pt-br\/wp-json\/wp\/v2\/comments?post=543"}],"version-history":[{"count":15,"href":"https:\/\/aerospacetoday.net\/pt-br\/wp-json\/wp\/v2\/posts\/543\/revisions"}],"predecessor-version":[{"id":641,"href":"https:\/\/aerospacetoday.net\/pt-br\/wp-json\/wp\/v2\/posts\/543\/revisions\/641"}],"wp:featuredmedia":[{"embeddable":true,"href":"https:\/\/aerospacetoday.net\/pt-br\/wp-json\/wp\/v2\/media\/545"}],"wp:attachment":[{"href":"https:\/\/aerospacetoday.net\/pt-br\/wp-json\/wp\/v2\/media?parent=543"}],"wp:term":[{"taxonomy":"category","embeddable":true,"href":"https:\/\/aerospacetoday.net\/pt-br\/wp-json\/wp\/v2\/categories?post=543"},{"taxonomy":"post_tag","embeddable":true,"href":"https:\/\/aerospacetoday.net\/pt-br\/wp-json\/wp\/v2\/tags?post=543"}],"curies":[{"name":"wp","href":"https:\/\/api.w.org\/{rel}","templated":true}]}}